{"id":716,"date":"2025-08-08T07:27:09","date_gmt":"2025-08-08T05:27:09","guid":{"rendered":"https:\/\/www.wellbeing-koeln.de\/wellbeing-cms\/?p=716"},"modified":"2025-08-24T12:48:45","modified_gmt":"2025-08-24T10:48:45","slug":"liebe-gaeste-wir-haben-betriebsurlaub-von-08-08-2025-31-08-2025-ab-dem-30-07-24-sind-wir-wieder-wie-gewohnt-fuer-sie-geoeffnet-wir-wuenschen-ihnen-und-ihrer-familie-schoene-sommerzeit-ihr-well-bein","status":"publish","type":"post","link":"https:\/\/www.wellbeing-koeln.de\/wellbeing-cms\/2025\/08\/08\/liebe-gaeste-wir-haben-betriebsurlaub-von-08-08-2025-31-08-2025-ab-dem-30-07-24-sind-wir-wieder-wie-gewohnt-fuer-sie-geoeffnet-wir-wuenschen-ihnen-und-ihrer-familie-schoene-sommerzeit-ihr-well-bein\/","title":{"rendered":"Liebe G\u00e4ste, Wir haben Betriebsurlaub von 08.08.2025-29.08.2025. Ab dem 30.08.25 sind wir wieder wie gewohnt f\u00fcr Sie ge\u00f6ffnet Wir w\u00fcnschen Ihnen und Ihrer Familie sch\u00f6ne Sommerzeit. Ihr Well Being  Team"},"content":{"rendered":"<div>You need to add a widget, row, or prebuilt layout before you&#8217;ll see anything here. \ud83d\ude42<\/div>\n\n\n<p><\/p>\n","protected":false},"excerpt":{"rendered":"","protected":false},"author":2,"featured_media":0,"comment_status":"closed","ping_status":"closed","sticky":false,"template":"","format":"standard","meta":{"footnotes":""},"categories":[1],"tags":[],"class_list":["post-716","post","type-post","status-publish","format-standard","hentry","category-allgemein","entry"],"_links":{"self":[{"href":"https:\/\/www.wellbeing-koeln.de\/wellbeing-cms\/wp-json\/wp\/v2\/posts\/716","targetHints":{"allow":["GET"]}}],"collection":[{"href":"https:\/\/www.wellbeing-koeln.de\/wellbeing-cms\/wp-json\/wp\/v2\/posts"}],"about":[{"href":"https:\/\/www.wellbeing-koeln.de\/wellbeing-cms\/wp-json\/wp\/v2\/types\/post"}],"author":[{"embeddable":true,"href":"https:\/\/www.wellbeing-koeln.de\/wellbeing-cms\/wp-json\/wp\/v2\/users\/2"}],"replies":[{"embeddable":true,"href":"https:\/\/www.wellbeing-koeln.de\/wellbeing-cms\/wp-json\/wp\/v2\/comments?post=716"}],"version-history":[{"count":3,"href":"https:\/\/www.wellbeing-koeln.de\/wellbeing-cms\/wp-json\/wp\/v2\/posts\/716\/revisions"}],"predecessor-version":[{"id":820,"href":"https:\/\/www.wellbeing-koeln.de\/wellbeing-cms\/wp-json\/wp\/v2\/posts\/716\/revisions\/820"}],"wp:attachment":[{"href":"https:\/\/www.wellbeing-koeln.de\/wellbeing-cms\/wp-json\/wp\/v2\/media?parent=716"}],"wp:term":[{"taxonomy":"category","embeddable":true,"href":"https:\/\/www.wellbeing-koeln.de\/wellbeing-cms\/wp-json\/wp\/v2\/categories?post=716"},{"taxonomy":"post_tag","embeddable":true,"href":"https:\/\/www.wellbeing-koeln.de\/wellbeing-cms\/wp-json\/wp\/v2\/tags?post=716"}],"curies":[{"name":"wp","href":"https:\/\/api.w.org\/{rel}","templated":true}]}}